{"id":8475,"date":"2020-07-08T05:28:40","date_gmt":"2020-07-08T05:28:40","guid":{"rendered":"http:\/\/granseaflower.com\/?p=8475"},"modified":"2020-10-10T21:22:27","modified_gmt":"2020-10-11T03:22:27","slug":"circulation-and-currents","status":"publish","type":"post","link":"https:\/\/granseaflower.com\/es\/2020\/07\/08\/circulation-and-currents\/","title":{"rendered":"Circulaci\u00f3n y corrientes oce\u00e1nicas"},"content":{"rendered":"<p>El medio marino es muy din\u00e1mico, impulsado por fuerzas como el viento y las corrientes, entre muchas otras. Una forma pragm\u00e1tica de visualizar el oc\u00e9ano es verlo como una suma de fuerzas, aunque hay muchas fuerzas y estudiar cada una es una tarea compleja que requiere diferentes enfoques como <em>en el lugar<\/em> investigaci\u00f3n o modelado num\u00e9rico. Comprender las interacciones entre la atm\u00f3sfera y el oc\u00e9ano es fundamental para identificar qu\u00e9 procesos est\u00e1n ocurriendo a escala regional y local. Biol\u00f3gicamente, estos conocimientos ofrecen respuestas sobre la conectividad entre sitios.&nbsp;<\/p>\n\n\n\n<p>A escala local, la circulaci\u00f3n puede ser impulsada por los vientos. En el Mar Caribe, los vientos alisios del norte son una fuerza importante en la superficie, as\u00ed como <a href=\"https:\/\/journals.ametsoc.org\/jcli\/article\/24\/22\/5935\/33301\/The-Caribbean-Low-Level-Jet-and-Its-Relationship\">Jet caribe\u00f1o de bajo nivel<\/a> que ejerce un constante flujo de viento hacia el oeste durante todo el a\u00f1o. La interacci\u00f3n del viento en la superficie crea turbulencias, que pueden mezclar la columna de agua, creando una <a href=\"https:\/\/curry.eas.gatech.edu\/Courses\/6140\/ency\/Chapter11\/Ency_Atmos\/BL_Ocean_Mixed_Layer.pdf\">capa mixta<\/a>. Esto significa que las capas superior e inferior son similares en t\u00e9rminos de par\u00e1metros fisicoqu\u00edmicos: la temperatura y la salinidad son m\u00e1s uniformes que en las capas mixtas menos profundas.&nbsp;<\/p>\n\n\n\n<figure class=\"wp-block-image size-large\"><img loading=\"lazy\" decoding=\"async\" width=\"1024\" height=\"425\" src=\"http:\/\/granseaflower.com\/wp-content\/uploads\/2020\/07\/image3-1-1024x425.jpg\" alt=\"\" class=\"wp-image-8469\" srcset=\"https:\/\/granseaflower.com\/wp-content\/uploads\/2020\/07\/image3-1-1024x425.jpg 1024w, https:\/\/granseaflower.com\/wp-content\/uploads\/2020\/07\/image3-1-300x125.jpg 300w, https:\/\/granseaflower.com\/wp-content\/uploads\/2020\/07\/image3-1-768x319.jpg 768w, https:\/\/granseaflower.com\/wp-content\/uploads\/2020\/07\/image3-1-1536x637.jpg 1536w, https:\/\/granseaflower.com\/wp-content\/uploads\/2020\/07\/image3-1.jpg 1600w\" sizes=\"auto, (max-width: 1024px) 100vw, 1024px\" \/><figcaption>Las olas tambi\u00e9n pueden verse influenciadas por los vientos. Fuente: SOLAS<\/figcaption><\/figure>\n\n\n\n<p>En el Oc\u00e9ano Atl\u00e1ntico, el Mar Caribe es el mar marginal m\u00e1s grande, m\u00e1s grande que el Golfo de M\u00e9xico en superficie y el Mar Mediterr\u00e1neo en volumen. Su cuenca se puede dividir en cinco subcuencas principales que, ordenadas de este a noroeste, son: las cuencas de Granada, Venezuela, Colombia, Caim\u00e1n y Yucat\u00e1n.&nbsp;<\/p>\n\n\n\n<p>El Archipi\u00e9lago de San Andr\u00e9s, Providencia y Santa Catalina (ASAPSC) se encuentra dentro de la cuenca colombiana. Consiste en islas oce\u00e1nicas y muchos atolones y bancos en un s\u00f3tano volc\u00e1nico, alineados a lo largo del <a href=\"https:\/\/www.researchgate.net\/publication\/233924597_Sedimentology_and_tectonic_evolution_of_the_Cretaceous_rocks_of_central_Jamaica_Relationships_to_the_plate_tectonic_evolution_of_the_Caribbean\/figures?lo=1\">Subida nicarag\u00fcense inferior<\/a> en el suroeste del Caribe. Su origen est\u00e1 asociado a la actividad tect\u00f3nico-volc\u00e1nica que form\u00f3 el istmo centroamericano, en el Mioceno medio. Las islas de San Andr\u00e9s y Providencia (con Santa Catalina), junto con los atolones Quitasue\u00f1o, Serrana, Roncador, Albuquerque y Bol\u00edvar y los bancos de Serranilla, Bajo Nuevo y Bajo Alicia comprenden la Reserva de la Biosfera Seaflower (SFBR).&nbsp;<\/p>\n\n\n\n<figure class=\"wp-block-image size-large\"><img loading=\"lazy\" decoding=\"async\" width=\"1024\" height=\"829\" src=\"http:\/\/granseaflower.com\/wp-content\/uploads\/2020\/07\/image2-1024x829.png\" alt=\"\" class=\"wp-image-8468\" srcset=\"https:\/\/granseaflower.com\/wp-content\/uploads\/2020\/07\/image2-1024x829.png 1024w, https:\/\/granseaflower.com\/wp-content\/uploads\/2020\/07\/image2-300x243.png 300w, https:\/\/granseaflower.com\/wp-content\/uploads\/2020\/07\/image2-768x622.png 768w, https:\/\/granseaflower.com\/wp-content\/uploads\/2020\/07\/image2.png 1229w\" sizes=\"auto, (max-width: 1024px) 100vw, 1024px\" \/><figcaption>Zonificaci\u00f3n actual de Reserva de la Biosfera Seaflower. Fuente: Fundaci\u00f3n Seaflower<\/figcaption><\/figure>\n\n\n\n<p>La circulaci\u00f3n en SFBR est\u00e1 determinada por dos impulsores principales: la Corriente del Caribe y el giro Panam\u00e1-Colombia. La Corriente del Caribe es una corriente zonal que ingresa desde las Antillas Menores y fluye de este a oeste. Debido a los elementos geomorfol\u00f3gicos del Levantamiento Nicarag\u00fcense como cayos e islas, se divide en dos secciones. Una parte de la corriente va hacia el Mar Caim\u00e1n, mientras que la otra va al sur del SFBR y forma el giro Panam\u00e1-Colombia, un giro semipermanente con <a href=\"http:\/\/glossary.ametsoc.org\/wiki\/Cyclonic_rotation\">rotaci\u00f3n cicl\u00f3nica<\/a>, lo que significa que gira con la rotaci\u00f3n de la Tierra, en sentido antihorario en el hemisferio norte y en sentido horario en el hemisferio sur. Otros impulsores de la circulaci\u00f3n son los remolinos de mesoescala y submesoescala que pueden ocurrir estacionalmente. Las corrientes superficiales se ven afectadas por la presencia continua de remolinos que viajan con la Corriente del Caribe y giran en ambas direcciones.&nbsp;<\/p>\n\n\n\n<p>En ASAPSC, la columna de agua se caracteriza por cuatro masas de agua. Desde la superficie hasta 50-75 m, est\u00e1 presente el agua superficial del Caribe con baja salinidad. M\u00e1s profundo, una segunda masa de agua entre 150-200 m consiste en el Agua Subtropical Subtropical, con la salinidad m\u00e1xima en toda la columna de agua. La tercera masa de agua, el agua intermedia subant\u00e1rtica, est\u00e1 presente entre 600 y 900 my tiene los valores m\u00e1s bajos de salinidad. La \u00faltima y m\u00e1s profunda masa de agua es el Agua Profunda del Atl\u00e1ntico Norte. Cada una de estas masas de agua tiene una firma, un valor de temperatura y salinidad que permite su identificaci\u00f3n al estudiar las columnas de agua. Sus implicaciones son la comprensi\u00f3n de las corrientes por debajo de la superficie, lo que conduce a la caracterizaci\u00f3n de las masas de agua en las cuencas.<\/p>\n\n\n\n<figure class=\"wp-block-image size-large\"><img loading=\"lazy\" decoding=\"async\" width=\"905\" height=\"1024\" src=\"http:\/\/granseaflower.com\/wp-content\/uploads\/2020\/07\/image1-905x1024.png\" alt=\"\" class=\"wp-image-8470\" srcset=\"https:\/\/granseaflower.com\/wp-content\/uploads\/2020\/07\/image1-905x1024.png 905w, https:\/\/granseaflower.com\/wp-content\/uploads\/2020\/07\/image1-265x300.png 265w, https:\/\/granseaflower.com\/wp-content\/uploads\/2020\/07\/image1-768x869.png 768w, https:\/\/granseaflower.com\/wp-content\/uploads\/2020\/07\/image1.png 993w\" sizes=\"auto, (max-width: 905px) 100vw, 905px\" \/><figcaption>Perfil vertical de masas de agua del Caribe. Fuente: <a href=\"https:\/\/journals.plos.org\/plosone\/article\/figure?id=10.1371\/journal.pone.0182116.g005\">Beier <em>et al.<\/em> 2017<\/a><\/figcaption><\/figure>\n\n\n\n<p>Datos de inter\u00e9s:<\/p>\n\n\n\n<p>Basado en simulaciones num\u00e9ricas, los investigadores Andrade <em>et al<\/em>. (2003) sugiri\u00f3 que existe evidencia de una contracorriente del subsuelo del Caribe y hacia el este. Fluye a lo largo del Caribe sur, desde Colombia hasta Venezuela, saliendo del sistema a trav\u00e9s del Canal de Granada.<\/p>\n\n\n\n<p>En la formaci\u00f3n de arrecifes de coral dentro del SFBR, una interacci\u00f3n de la exposici\u00f3n a las olas por la acci\u00f3n del viento y la ubicaci\u00f3n oce\u00e1nica genera una turbulencia que controla la distribuci\u00f3n de organismos en los arrecifes.&nbsp;<\/p>\n\n\n\n<p>Los drifters pueden usarse para estudiar la circulaci\u00f3n y las corrientes en el oc\u00e9ano. Estos se liberan en el oc\u00e9ano y se controlan. Su movimiento est\u00e1 determinado por las corrientes superficiales, por lo que funcionan como un proxy directo para comprender la circulaci\u00f3n.<\/p>\n\n\n\n<p>Referencias:<\/p>\n\n\n\n<p>Beier, E., Bernal, G., Ruiz-Ochoa, M. y Barton, ED (2017). Intercambios de agua dulce y salinidad superficial en la cuenca colombiana, Mar Caribe. <em>M\u00e1s uno<\/em>, <em>12<\/em>(8), 1\u201319. https:\/\/doi.org\/10.1371\/journal.pone.0182116<\/p>\n\n\n\n<p>Centurioni, LR y Niiler, PP (2003). Sobre las corrientes superficiales del Mar Caribe. <em>Cartas de investigaci\u00f3n geof\u00edsica<\/em>, <em>30<\/em>(6), 10-13. https:\/\/doi.org\/10.1029\/2002GL016231<\/p>\n\n\n\n<p>D\u00edaz, J. y Garc\u00eda Llano, C. (2010). Moluscos del Mioceno y del Pleistoceno de la isla de San Andr\u00e9s (Mar Caribe, Colombia) y consideraciones paleobiogeogr\u00e1ficas. <em>Revista de La Academia Colombiana de Ciencias Exactas, F\u00edsicas y Naturales<\/em>, <em>34<\/em>(130), 105-116.<\/p>\n\n\n\n<p>Gallegos, A. (1996). Oceanograf\u00eda f\u00edsica descriptiva del Mar Caribe. En GA Maul (Ed.), <em>Islas peque\u00f1as: ciencias marinas y desarrollo sostenible<\/em> (Vol. 51, p\u00e1gs. 36-55). https:\/\/doi.org\/10.1029\/CE051p0036<\/p>\n\n\n\n<p>Id\u00e1rraga-Garc\u00eda, J. y Le\u00f3n, H. (2019). Desentra\u00f1ando las caracter\u00edsticas morfol\u00f3gicas submarinas del Banco Roncador, archipi\u00e9lago de San Andr\u00e9s, Providencia y Santa Catalina (Caribe colombiano). <em>Fronteras en las ciencias marinas<\/em>, <em>6<\/em>(FEB), 1-15. https:\/\/doi.org\/10.3389\/fmars.2019.00077<\/p>\n\n\n\n<p>Lopera, L., Cardona, Y. y Zapata-Ram\u00edrez, PA (2020). Circulaci\u00f3n en la Reserva Seaflower y su impacto potencial en la conectividad biol\u00f3gica. <em>Fronteras en las ciencias marinas<\/em>, <em>7<\/em>(Junio), 1-17. https:\/\/doi.org\/10.3389\/fmars.2020.00385<\/p>\n\n\n\n<p>S\u00e1nchez, JA, Pizarro, V., Acosta-de-S\u00e1nchez, AR, Castillo, PA, Herron, P., Mart\u00ednez, JC, Montoya, P. y Orozco, C. (2005). Evaluar comunidades bent\u00f3nicas de arrecifes de coral en atolones remotos del Caribe (bancos Quitasue\u00f1o, Serrana y Roncador) para recomendar \u00e1reas marinas protegidas para la reserva de la biosfera de flores de mar. <em>Bolet\u00edn de investigaci\u00f3n del atol\u00f3n<\/em>, <em>531<\/em>-<em>542<\/em>, 1-65. https:\/\/doi.org\/10.5479\/si.00775630.531.1<\/p>\n\n\n\n<p>Torres-Parra, RR, S\u00e1nchez-Reyes, DM y Moreno-Calder\u00f3n, MY (2017). Variaci\u00f3n estacional del nivel del mar en el Archipi\u00e9lago de San Andr\u00e9s, Providencia y Santa Catalina, Mar Caribe. <em>Revista de Biologia Marina y Oceanografia<\/em>, <em>52<\/em>(2), 343\u2013352. https:\/\/doi.org\/10.4067\/S0718-19572017000200013<\/p>\n\n\n\n<p>Vargas-Cuervo, G. (2004). Geolog\u00eda y Aspectos Geogr\u00e1ficos de la Isla de San Andr\u00e9s, Colombia. <em>Geolog\u00eda Colombiana<\/em>, <em>29<\/em>, 73\u201389.<\/p>","protected":false},"excerpt":{"rendered":"<p>El medio marino es muy din\u00e1mico, impulsado por fuerzas como el viento y las corrientes, entre muchas otras. Una forma pragm\u00e1tica de visualizar el oc\u00e9ano es verlo como un ...<\/p>","protected":false},"author":1,"featured_media":8469,"comment_status":"closed","ping_status":"closed","sticky":false,"template":"","format":"standard","meta":{"inline_featured_image":false,"footnotes":""},"categories":[89],"tags":[94,109,110,92],"class_list":{"0":"post-8475","1":"post","2":"type-post","3":"status-publish","4":"format-standard","5":"has-post-thumbnail","7":"category-caribe","8":"tag-caribbean-sea","9":"tag-circulation","10":"tag-currents","11":"tag-mar-caribe"},"_links":{"self":[{"href":"https:\/\/granseaflower.com\/es\/wp-json\/wp\/v2\/posts\/8475","targetHints":{"allow":["GET"]}}],"collection":[{"href":"https:\/\/granseaflower.com\/es\/wp-json\/wp\/v2\/posts"}],"about":[{"href":"https:\/\/granseaflower.com\/es\/wp-json\/wp\/v2\/types\/post"}],"author":[{"embeddable":true,"href":"https:\/\/granseaflower.com\/es\/wp-json\/wp\/v2\/users\/1"}],"replies":[{"embeddable":true,"href":"https:\/\/granseaflower.com\/es\/wp-json\/wp\/v2\/comments?post=8475"}],"version-history":[{"count":2,"href":"https:\/\/granseaflower.com\/es\/wp-json\/wp\/v2\/posts\/8475\/revisions"}],"predecessor-version":[{"id":10014,"href":"https:\/\/granseaflower.com\/es\/wp-json\/wp\/v2\/posts\/8475\/revisions\/10014"}],"wp:featuredmedia":[{"embeddable":true,"href":"https:\/\/granseaflower.com\/es\/wp-json\/wp\/v2\/media\/8469"}],"wp:attachment":[{"href":"https:\/\/granseaflower.com\/es\/wp-json\/wp\/v2\/media?parent=8475"}],"wp:term":[{"taxonomy":"category","embeddable":true,"href":"https:\/\/granseaflower.com\/es\/wp-json\/wp\/v2\/categories?post=8475"},{"taxonomy":"post_tag","embeddable":true,"href":"https:\/\/granseaflower.com\/es\/wp-json\/wp\/v2\/tags?post=8475"}],"curies":[{"name":"wp","href":"https:\/\/api.w.org\/{rel}","templated":true}]}}